{"id":969,"date":"2026-03-30T15:48:19","date_gmt":"2026-03-30T18:48:19","guid":{"rendered":"https:\/\/congresos.unr.edu.ar\/xicongresoextension\/?p=969"},"modified":"2026-08-05T13:50:20","modified_gmt":"2026-08-05T16:50:20","slug":"comite-evaluador","status":"publish","type":"post","link":"https:\/\/congresos.unr.edu.ar\/xicongresoextension\/blog\/2026\/03\/30\/comite-evaluador\/","title":{"rendered":"Comit\u00e9 evaluador"},"content":{"rendered":"\n<p class=\"wp-block-paragraph\">El Comit\u00e9 Evaluador es el responsable de la revisi\u00f3n y evaluaci\u00f3n de los trabajos presentados al Congreso. Est\u00e1 integrado por docentes, investigadores\/as y extensionistas universitarios\/as de distintas instituciones del pa\u00eds, convocados\/as en funci\u00f3n de su trayectoria y experiencia en el campo de la extensi\u00f3n universitaria.<\/p>\n\n\n\n<figure class=\"wp-block-table is-style-stripes\"><table class=\"has-black-color has-text-color has-background has-link-color has-fixed-layout\" style=\"background:linear-gradient(135deg,rgba(7,146,227,0.66) 0%,rgba(153,0,112,0.54) 100%)\"><thead><tr><th><strong>Apellido<\/strong><\/th><th><strong>Nombre<\/strong><\/th><\/tr><\/thead><tbody><tr><td>Abasto<\/td><td>Patricia<\/td><\/tr><tr><td>Abbona<\/td><td>Esteban Andr\u00e9s<\/td><\/tr><tr><td>Antonini<\/td><td>Florencia Elena<\/td><\/tr><tr><td>Apa<\/td><td>Matias Agustin<\/td><\/tr><tr><td>Arrua<\/td><td>Vanessa<\/td><\/tr><tr><td>Avila<\/td><td>Ayl\u00e9n<\/td><\/tr><tr><td>Avila<\/td><td>David<\/td><\/tr><tr><td>Ballestero<\/td><td>Mar\u00eda Bernarda<\/td><\/tr><tr><td>Barrientos<\/td><td>Nahuel Rafael<\/td><\/tr><tr><td>Barrios<\/td><td>Ana<\/td><\/tr><tr><td>Bauer<\/td><td>Claudia Georgina<\/td><\/tr><tr><td>Biaggini<\/td><td>Martin<\/td><\/tr><tr><td>Biancardi<\/td><td>Mar\u00eda Eugenia<\/td><\/tr><tr><td>Bidyeran<\/td><td>Miriam<\/td><\/tr><tr><td>Bitenc<\/td><td>M\u00f3nica Luciana<\/td><\/tr><tr><td>Borassi<\/td><td>Nicol\u00e1s<\/td><\/tr><tr><td>Bortolotti<\/td><td>Ana<\/td><\/tr><tr><td>Bruni<\/td><td>Mar\u00eda de los Angeles<\/td><\/tr><tr><td>Bud\u00f3<\/td><td>Juan Mart\u00edn<\/td><\/tr><tr><td>Calvi\u00f1o<\/td><td>N\u00e9stor Gabriel<\/td><\/tr><tr><td>Calvo<\/td><td>Silvana<\/td><\/tr><tr><td>Capriotti<\/td><td>Carina del Valle<\/td><\/tr><tr><td>Carranza<\/td><td>Andrea<\/td><\/tr><tr><td>Cassano<\/td><td>Daniel<\/td><\/tr><tr><td>Castro<\/td><td>Leonel Alesandro<\/td><\/tr><tr><td>Caudana<\/td><td>Leonardo<\/td><\/tr><tr><td>Cello<\/td><td>Victoria<\/td><\/tr><tr><td>Cendali<\/td><td>Florencia<\/td><\/tr><tr><td>Chale<\/td><td>Walter<\/td><\/tr><tr><td>Chintio<\/td><td>Mar\u00eda Paula<\/td><\/tr><tr><td>Chiponi<\/td><td>Mar\u00eda<\/td><\/tr><tr><td>Cholich<\/td><td>Valeria<\/td><\/tr><tr><td>Colantonio<\/td><td>Bel\u00e9n Soledad<\/td><\/tr><tr><td>Colautti<\/td><td>Marisel<\/td><\/tr><tr><td>Conforti<\/td><td>Sim\u00f3n<\/td><\/tr><tr><td>Cucchiari<\/td><td>Paulo<\/td><\/tr><tr><td>de la Fuente<\/td><td>Mar\u00eda Agostina<\/td><\/tr><tr><td>Deux<\/td><td>Agustina<\/td><\/tr><tr><td>Dipasquale<\/td><td>Diego<\/td><\/tr><tr><td>Downes Ojeda<\/td><td>Leandro Marcos<\/td><\/tr><tr><td>Drogo<\/td><td>Claudia<\/td><\/tr><tr><td>D\u00edaz Reyes<\/td><td>Victoria<\/td><\/tr><tr><td>Elizalde<\/td><td>Mar\u00eda Paz<\/td><\/tr><tr><td>Faini<\/td><td>Maria Cecilia<\/td><\/tr><tr><td>Federici<\/td><td>Daiana<\/td><\/tr><tr><td>Ferraris<\/td><td>Guillermina<\/td><\/tr><tr><td>Finarolli<\/td><td>Mar\u00eda Paula<\/td><\/tr><tr><td>Frati<\/td><td>Dante<\/td><\/tr><tr><td>Gauna<\/td><td>Camila Anah\u00ed<\/td><\/tr><tr><td>Gay<\/td><td>Melina<\/td><\/tr><tr><td>Gimenez<\/td><td>Gustavo<\/td><\/tr><tr><td>Gimenez<\/td><td>Susana Graciela<\/td><\/tr><tr><td>Ginestra<\/td><td>Sof\u00eda<\/td><\/tr><tr><td>Gonzalez Klappenbach<\/td><td>Mar\u00eda Luciana<\/td><\/tr><tr><td>Guala<\/td><td>Mar\u00eda Paula<\/td><\/tr><tr><td>Guzm\u00e1n<\/td><td>Federico<\/td><\/tr><tr><td>Hummel<\/td><td>Ianara<\/td><\/tr><tr><td>Iacona Junyent<\/td><td>Facundo Jaime Nahuel<\/td><\/tr><tr><td>Iriarte<\/td><td>Laura Rosana<\/td><\/tr><tr><td>Jacobs<\/td><td>Melisa<\/td><\/tr><tr><td>Jambrino<\/td><td>Andrea<\/td><\/tr><tr><td>Kobla<\/td><td>Andrea Elisabet<\/td><\/tr><tr><td>Llano<\/td><td>Raul Ariel<\/td><\/tr><tr><td>Lonardi<\/td><td>Laura In\u00e9s<\/td><\/tr><tr><td>Longarzo<\/td><td>Mar\u00eda Florencia<\/td><\/tr><tr><td>Luj\u00e1n Brajovich<\/td><td>Melina<\/td><\/tr><tr><td>L\u00f3pez Hiriart<\/td><td>Milagros<\/td><\/tr><tr><td>Maggiori<\/td><td>Maria Soledad<\/td><\/tr><tr><td>Mangiameli<\/td><td>Mar\u00eda<\/td><\/tr><tr><td>Marbi\u00e1n<\/td><td>Mar\u00eda Roc\u00edo<\/td><\/tr><tr><td>Maroscia<\/td><td>Carla<\/td><\/tr><tr><td>Mart\u00edn Varisto<\/td><td>Yanel<\/td><\/tr><tr><td>Medrano<\/td><td>Jonathan Jes\u00fas<\/td><\/tr><tr><td>Mercado<\/td><td>Mar\u00eda Elida<\/td><\/tr><tr><td>Micucci<\/td><td>Mar\u00eda Lorena<\/td><\/tr><tr><td>Montalto<\/td><td>Melisa<\/td><\/tr><tr><td>Morasso<\/td><td>Celeste<\/td><\/tr><tr><td>Osella<\/td><td>Ana Virginia<\/td><\/tr><tr><td>Oyhandy<\/td><td>Marcela<\/td><\/tr><tr><td>Pagano<\/td><td>Mar\u00eda Susana<\/td><\/tr><tr><td>Palacios<\/td><td>Camila<\/td><\/tr><tr><td>Palchik<\/td><td>Valeria<\/td><\/tr><tr><td>Platero<\/td><td>Ana Lorena<\/td><\/tr><tr><td>Protto Baglione<\/td><td>Man\u00f3n<\/td><\/tr><tr><td>Ranieri<\/td><td>Constanza<\/td><\/tr><tr><td>Retola<\/td><td>German<\/td><\/tr><tr><td>Reynoso<\/td><td>Delfina<\/td><\/tr><tr><td>Risso<\/td><td>Mar\u00eda Laura<\/td><\/tr><tr><td>Romero<\/td><td>Lorena Noem\u00ed<\/td><\/tr><tr><td>Rougier<\/td><td>Ana Delia<\/td><\/tr><tr><td>Rousseuax<\/td><td>Raul Emilio<\/td><\/tr><tr><td>Ruiz<\/td><td>Sebasti\u00e1n<\/td><\/tr><tr><td>Sammartino Lopez<\/td><td>Nadia<\/td><\/tr><tr><td>Sanchez<\/td><td>Esteban<\/td><\/tr><tr><td>Sandoval<\/td><td>Ricardo<\/td><\/tr><tr><td>Sanguinetti<\/td><td>Luciano Pedro<\/td><\/tr><tr><td>Silva<\/td><td>Carina<\/td><\/tr><tr><td>Soibelzon<\/td><td>Esteban<\/td><\/tr><tr><td>Suarez<\/td><td>Andrea Mercedes<\/td><\/tr><tr><td>Toni<\/td><td>Maximiliano<\/td><\/tr><tr><td>Trape<\/td><td>Marcela Edit<\/td><\/tr><tr><td>Vallone<\/td><td>Carla<\/td><\/tr><tr><td>Vieytes<\/td><td>Santiago<\/td><\/tr><tr><td>Wahnon Silva<\/td><td>Gabriela<\/td><\/tr><tr><td>Zambella<\/td><td>Mar\u00eda Elena<\/td><\/tr><tr><td>Zelaya Soul\u00e9<\/td><td>Mar\u00eda Emilia<\/td><\/tr><\/tbody><\/table><\/figure>\n","protected":false},"excerpt":{"rendered":"<p>El Comit\u00e9 Evaluador es el responsable de la revisi\u00f3n y evaluaci\u00f3n de los trabajos presentados al Congreso. Est\u00e1 integrado por docentes, investigadores\/as y extensionistas universitarios\/as de distintas instituciones del pa\u00eds, convocados\/as en funci\u00f3n de su trayectoria y experiencia en el campo de la extensi\u00f3n universitaria. Apellido Nombre Abasto Patricia Abbona [&hellip;]<\/p>\n","protected":false},"author":1,"featured_media":0,"comment_status":"open","ping_status":"open","sticky":false,"template":"","format":"standard","meta":{"_monsterinsights_skip_tracking":false,"_themeisle_gutenberg_block_has_review":false,"footnotes":""},"categories":[43],"tags":[],"class_list":["post-969","post","type-post","status-publish","format-standard","hentry","category-sobre-el-evento"],"yoast_head":"<!-- This site is optimized with the Yoast SEO plugin v28.3 - https:\/\/yoast.com\/product\/yoast-seo-wordpress\/ -->\n<title>Comit\u00e9 evaluador - XI Congreso Extension<\/title>\n<meta name=\"robots\" content=\"index, follow, max-snippet:-1, max-image-preview:large, max-video-preview:-1\" \/>\n<link rel=\"canonical\" href=\"https:\/\/congresos.unr.edu.ar\/xicongresoextension\/blog\/2026\/03\/30\/comite-evaluador\/\" \/>\n<meta property=\"og:locale\" content=\"es_ES\" \/>\n<meta property=\"og:type\" content=\"article\" \/>\n<meta property=\"og:title\" content=\"Comit\u00e9 evaluador - XI Congreso Extension\" \/>\n<meta property=\"og:description\" content=\"El Comit\u00e9 Evaluador es el responsable de la revisi\u00f3n y evaluaci\u00f3n de los trabajos presentados al Congreso. Est\u00e1 integrado por docentes, investigadores\/as y extensionistas universitarios\/as de distintas instituciones del pa\u00eds, convocados\/as en funci\u00f3n de su trayectoria y experiencia en el campo de la extensi\u00f3n universitaria. Apellido Nombre Abasto Patricia Abbona [&hellip;]\" \/>\n<meta property=\"og:url\" content=\"https:\/\/congresos.unr.edu.ar\/xicongresoextension\/blog\/2026\/03\/30\/comite-evaluador\/\" \/>\n<meta property=\"og:site_name\" content=\"XI Congreso Extension\" \/>\n<meta property=\"article:published_time\" content=\"2026-03-30T18:48:19+00:00\" \/>\n<meta property=\"article:modified_time\" content=\"2026-08-05T16:50:20+00:00\" \/>\n<meta name=\"author\" content=\"Congresos UNR\" \/>\n<meta name=\"twitter:card\" content=\"summary_large_image\" \/>\n<meta name=\"twitter:label1\" content=\"Escrito por\" \/>\n\t<meta name=\"twitter:data1\" content=\"Congresos UNR\" \/>\n\t<meta name=\"twitter:label2\" content=\"Tiempo de lectura\" \/>\n\t<meta name=\"twitter:data2\" content=\"2 minutos\" \/>\n<script type=\"application\/ld+json\" class=\"yoast-schema-graph\">{\"@context\":\"https:\\\/\\\/schema.org\",\"@graph\":[{\"@type\":\"Article\",\"@id\":\"https:\\\/\\\/congresos.unr.edu.ar\\\/xicongresoextension\\\/blog\\\/2026\\\/03\\\/30\\\/comite-evaluador\\\/#article\",\"isPartOf\":{\"@id\":\"https:\\\/\\\/congresos.unr.edu.ar\\\/xicongresoextension\\\/blog\\\/2026\\\/03\\\/30\\\/comite-evaluador\\\/\"},\"author\":{\"name\":\"Congresos UNR\",\"@id\":\"https:\\\/\\\/congresos.unr.edu.ar\\\/xicongresoextension\\\/#\\\/schema\\\/person\\\/c5a71e24ca3968aeba70533a9ef9a65d\"},\"headline\":\"Comit\u00e9 evaluador\",\"datePublished\":\"2026-03-30T18:48:19+00:00\",\"dateModified\":\"2026-08-05T16:50:20+00:00\",\"mainEntityOfPage\":{\"@id\":\"https:\\\/\\\/congresos.unr.edu.ar\\\/xicongresoextension\\\/blog\\\/2026\\\/03\\\/30\\\/comite-evaluador\\\/\"},\"wordCount\":373,\"commentCount\":0,\"publisher\":{\"@id\":\"https:\\\/\\\/congresos.unr.edu.ar\\\/xicongresoextension\\\/#organization\"},\"articleSection\":[\"Sobre el evento\"],\"inLanguage\":\"es-AR\",\"potentialAction\":[{\"@type\":\"CommentAction\",\"name\":\"Comment\",\"target\":[\"https:\\\/\\\/congresos.unr.edu.ar\\\/xicongresoextension\\\/blog\\\/2026\\\/03\\\/30\\\/comite-evaluador\\\/#respond\"]}]},{\"@type\":\"WebPage\",\"@id\":\"https:\\\/\\\/congresos.unr.edu.ar\\\/xicongresoextension\\\/blog\\\/2026\\\/03\\\/30\\\/comite-evaluador\\\/\",\"url\":\"https:\\\/\\\/congresos.unr.edu.ar\\\/xicongresoextension\\\/blog\\\/2026\\\/03\\\/30\\\/comite-evaluador\\\/\",\"name\":\"Comit\u00e9 evaluador - XI Congreso Extension\",\"isPartOf\":{\"@id\":\"https:\\\/\\\/congresos.unr.edu.ar\\\/xicongresoextension\\\/#website\"},\"datePublished\":\"2026-03-30T18:48:19+00:00\",\"dateModified\":\"2026-08-05T16:50:20+00:00\",\"breadcrumb\":{\"@id\":\"https:\\\/\\\/congresos.unr.edu.ar\\\/xicongresoextension\\\/blog\\\/2026\\\/03\\\/30\\\/comite-evaluador\\\/#breadcrumb\"},\"inLanguage\":\"es-AR\",\"potentialAction\":[{\"@type\":\"ReadAction\",\"target\":[\"https:\\\/\\\/congresos.unr.edu.ar\\\/xicongresoextension\\\/blog\\\/2026\\\/03\\\/30\\\/comite-evaluador\\\/\"]}]},{\"@type\":\"BreadcrumbList\",\"@id\":\"https:\\\/\\\/congresos.unr.edu.ar\\\/xicongresoextension\\\/blog\\\/2026\\\/03\\\/30\\\/comite-evaluador\\\/#breadcrumb\",\"itemListElement\":[{\"@type\":\"ListItem\",\"position\":1,\"name\":\"Inicio\",\"item\":\"https:\\\/\\\/congresos.unr.edu.ar\\\/xicongresoextension\\\/\"},{\"@type\":\"ListItem\",\"position\":2,\"name\":\"Comit\u00e9 evaluador\"}]},{\"@type\":\"WebSite\",\"@id\":\"https:\\\/\\\/congresos.unr.edu.ar\\\/xicongresoextension\\\/#website\",\"url\":\"https:\\\/\\\/congresos.unr.edu.ar\\\/xicongresoextension\\\/\",\"name\":\"Congresos UNR\",\"description\":\"\",\"publisher\":{\"@id\":\"https:\\\/\\\/congresos.unr.edu.ar\\\/xicongresoextension\\\/#organization\"},\"potentialAction\":[{\"@type\":\"SearchAction\",\"target\":{\"@type\":\"EntryPoint\",\"urlTemplate\":\"https:\\\/\\\/congresos.unr.edu.ar\\\/xicongresoextension\\\/?s={search_term_string}\"},\"query-input\":{\"@type\":\"PropertyValueSpecification\",\"valueRequired\":true,\"valueName\":\"search_term_string\"}}],\"inLanguage\":\"es-AR\"},{\"@type\":\"Organization\",\"@id\":\"https:\\\/\\\/congresos.unr.edu.ar\\\/xicongresoextension\\\/#organization\",\"name\":\"Congresos UNR\",\"url\":\"https:\\\/\\\/congresos.unr.edu.ar\\\/xicongresoextension\\\/\",\"logo\":{\"@type\":\"ImageObject\",\"inLanguage\":\"es-AR\",\"@id\":\"https:\\\/\\\/congresos.unr.edu.ar\\\/xicongresoextension\\\/#\\\/schema\\\/logo\\\/image\\\/\",\"url\":\"https:\\\/\\\/congresos.unr.edu.ar\\\/xicongresoextension\\\/wp-content\\\/uploads\\\/sites\\\/9\\\/2024\\\/04\\\/WhatsApp-Image-2026-04-07-at-14.39.14.jpeg\",\"contentUrl\":\"https:\\\/\\\/congresos.unr.edu.ar\\\/xicongresoextension\\\/wp-content\\\/uploads\\\/sites\\\/9\\\/2024\\\/04\\\/WhatsApp-Image-2026-04-07-at-14.39.14.jpeg\",\"width\":1600,\"height\":262,\"caption\":\"Congresos UNR\"},\"image\":{\"@id\":\"https:\\\/\\\/congresos.unr.edu.ar\\\/xicongresoextension\\\/#\\\/schema\\\/logo\\\/image\\\/\"}},{\"@type\":\"Person\",\"@id\":\"https:\\\/\\\/congresos.unr.edu.ar\\\/xicongresoextension\\\/#\\\/schema\\\/person\\\/c5a71e24ca3968aeba70533a9ef9a65d\",\"name\":\"Congresos UNR\",\"image\":{\"@type\":\"ImageObject\",\"inLanguage\":\"es-AR\",\"@id\":\"https:\\\/\\\/secure.gravatar.com\\\/avatar\\\/10c792931228bc2c305c1bf14f9cb0b6ac57a4841912adf801883861116f0e08?s=96&d=mm&r=g\",\"url\":\"https:\\\/\\\/secure.gravatar.com\\\/avatar\\\/10c792931228bc2c305c1bf14f9cb0b6ac57a4841912adf801883861116f0e08?s=96&d=mm&r=g\",\"contentUrl\":\"https:\\\/\\\/secure.gravatar.com\\\/avatar\\\/10c792931228bc2c305c1bf14f9cb0b6ac57a4841912adf801883861116f0e08?s=96&d=mm&r=g\",\"caption\":\"Congresos UNR\"},\"sameAs\":[\"https:\\\/\\\/congresos.unr.edu.ar\"],\"url\":\"https:\\\/\\\/congresos.unr.edu.ar\\\/xicongresoextension\\\/blog\\\/author\\\/congresos-unr\\\/\"}]}<\/script>\n<!-- \/ Yoast SEO plugin. -->","yoast_head_json":{"title":"Comit\u00e9 evaluador - XI Congreso Extension","robots":{"index":"index","follow":"follow","max-snippet":"max-snippet:-1","max-image-preview":"max-image-preview:large","max-video-preview":"max-video-preview:-1"},"canonical":"https:\/\/congresos.unr.edu.ar\/xicongresoextension\/blog\/2026\/03\/30\/comite-evaluador\/","og_locale":"es_ES","og_type":"article","og_title":"Comit\u00e9 evaluador - XI Congreso Extension","og_description":"El Comit\u00e9 Evaluador es el responsable de la revisi\u00f3n y evaluaci\u00f3n de los trabajos presentados al Congreso. Est\u00e1 integrado por docentes, investigadores\/as y extensionistas universitarios\/as de distintas instituciones del pa\u00eds, convocados\/as en funci\u00f3n de su trayectoria y experiencia en el campo de la extensi\u00f3n universitaria. Apellido Nombre Abasto Patricia Abbona [&hellip;]","og_url":"https:\/\/congresos.unr.edu.ar\/xicongresoextension\/blog\/2026\/03\/30\/comite-evaluador\/","og_site_name":"XI Congreso Extension","article_published_time":"2026-03-30T18:48:19+00:00","article_modified_time":"2026-08-05T16:50:20+00:00","author":"Congresos UNR","twitter_card":"summary_large_image","twitter_misc":{"Escrito por":"Congresos UNR","Tiempo de lectura":"2 minutos"},"schema":{"@context":"https:\/\/schema.org","@graph":[{"@type":"Article","@id":"https:\/\/congresos.unr.edu.ar\/xicongresoextension\/blog\/2026\/03\/30\/comite-evaluador\/#article","isPartOf":{"@id":"https:\/\/congresos.unr.edu.ar\/xicongresoextension\/blog\/2026\/03\/30\/comite-evaluador\/"},"author":{"name":"Congresos UNR","@id":"https:\/\/congresos.unr.edu.ar\/xicongresoextension\/#\/schema\/person\/c5a71e24ca3968aeba70533a9ef9a65d"},"headline":"Comit\u00e9 evaluador","datePublished":"2026-03-30T18:48:19+00:00","dateModified":"2026-08-05T16:50:20+00:00","mainEntityOfPage":{"@id":"https:\/\/congresos.unr.edu.ar\/xicongresoextension\/blog\/2026\/03\/30\/comite-evaluador\/"},"wordCount":373,"commentCount":0,"publisher":{"@id":"https:\/\/congresos.unr.edu.ar\/xicongresoextension\/#organization"},"articleSection":["Sobre el evento"],"inLanguage":"es-AR","potentialAction":[{"@type":"CommentAction","name":"Comment","target":["https:\/\/congresos.unr.edu.ar\/xicongresoextension\/blog\/2026\/03\/30\/comite-evaluador\/#respond"]}]},{"@type":"WebPage","@id":"https:\/\/congresos.unr.edu.ar\/xicongresoextension\/blog\/2026\/03\/30\/comite-evaluador\/","url":"https:\/\/congresos.unr.edu.ar\/xicongresoextension\/blog\/2026\/03\/30\/comite-evaluador\/","name":"Comit\u00e9 evaluador - XI Congreso Extension","isPartOf":{"@id":"https:\/\/congresos.unr.edu.ar\/xicongresoextension\/#website"},"datePublished":"2026-03-30T18:48:19+00:00","dateModified":"2026-08-05T16:50:20+00:00","breadcrumb":{"@id":"https:\/\/congresos.unr.edu.ar\/xicongresoextension\/blog\/2026\/03\/30\/comite-evaluador\/#breadcrumb"},"inLanguage":"es-AR","potentialAction":[{"@type":"ReadAction","target":["https:\/\/congresos.unr.edu.ar\/xicongresoextension\/blog\/2026\/03\/30\/comite-evaluador\/"]}]},{"@type":"BreadcrumbList","@id":"https:\/\/congresos.unr.edu.ar\/xicongresoextension\/blog\/2026\/03\/30\/comite-evaluador\/#breadcrumb","itemListElement":[{"@type":"ListItem","position":1,"name":"Inicio","item":"https:\/\/congresos.unr.edu.ar\/xicongresoextension\/"},{"@type":"ListItem","position":2,"name":"Comit\u00e9 evaluador"}]},{"@type":"WebSite","@id":"https:\/\/congresos.unr.edu.ar\/xicongresoextension\/#website","url":"https:\/\/congresos.unr.edu.ar\/xicongresoextension\/","name":"Congresos UNR","description":"","publisher":{"@id":"https:\/\/congresos.unr.edu.ar\/xicongresoextension\/#organization"},"potentialAction":[{"@type":"SearchAction","target":{"@type":"EntryPoint","urlTemplate":"https:\/\/congresos.unr.edu.ar\/xicongresoextension\/?s={search_term_string}"},"query-input":{"@type":"PropertyValueSpecification","valueRequired":true,"valueName":"search_term_string"}}],"inLanguage":"es-AR"},{"@type":"Organization","@id":"https:\/\/congresos.unr.edu.ar\/xicongresoextension\/#organization","name":"Congresos UNR","url":"https:\/\/congresos.unr.edu.ar\/xicongresoextension\/","logo":{"@type":"ImageObject","inLanguage":"es-AR","@id":"https:\/\/congresos.unr.edu.ar\/xicongresoextension\/#\/schema\/logo\/image\/","url":"https:\/\/congresos.unr.edu.ar\/xicongresoextension\/wp-content\/uploads\/sites\/9\/2024\/04\/WhatsApp-Image-2026-04-07-at-14.39.14.jpeg","contentUrl":"https:\/\/congresos.unr.edu.ar\/xicongresoextension\/wp-content\/uploads\/sites\/9\/2024\/04\/WhatsApp-Image-2026-04-07-at-14.39.14.jpeg","width":1600,"height":262,"caption":"Congresos UNR"},"image":{"@id":"https:\/\/congresos.unr.edu.ar\/xicongresoextension\/#\/schema\/logo\/image\/"}},{"@type":"Person","@id":"https:\/\/congresos.unr.edu.ar\/xicongresoextension\/#\/schema\/person\/c5a71e24ca3968aeba70533a9ef9a65d","name":"Congresos UNR","image":{"@type":"ImageObject","inLanguage":"es-AR","@id":"https:\/\/secure.gravatar.com\/avatar\/10c792931228bc2c305c1bf14f9cb0b6ac57a4841912adf801883861116f0e08?s=96&d=mm&r=g","url":"https:\/\/secure.gravatar.com\/avatar\/10c792931228bc2c305c1bf14f9cb0b6ac57a4841912adf801883861116f0e08?s=96&d=mm&r=g","contentUrl":"https:\/\/secure.gravatar.com\/avatar\/10c792931228bc2c305c1bf14f9cb0b6ac57a4841912adf801883861116f0e08?s=96&d=mm&r=g","caption":"Congresos UNR"},"sameAs":["https:\/\/congresos.unr.edu.ar"],"url":"https:\/\/congresos.unr.edu.ar\/xicongresoextension\/blog\/author\/congresos-unr\/"}]}},"_links":{"self":[{"href":"https:\/\/congresos.unr.edu.ar\/xicongresoextension\/wp-json\/wp\/v2\/posts\/969","targetHints":{"allow":["GET"]}}],"collection":[{"href":"https:\/\/congresos.unr.edu.ar\/xicongresoextension\/wp-json\/wp\/v2\/posts"}],"about":[{"href":"https:\/\/congresos.unr.edu.ar\/xicongresoextension\/wp-json\/wp\/v2\/types\/post"}],"author":[{"embeddable":true,"href":"https:\/\/congresos.unr.edu.ar\/xicongresoextension\/wp-json\/wp\/v2\/users\/1"}],"replies":[{"embeddable":true,"href":"https:\/\/congresos.unr.edu.ar\/xicongresoextension\/wp-json\/wp\/v2\/comments?post=969"}],"version-history":[{"count":4,"href":"https:\/\/congresos.unr.edu.ar\/xicongresoextension\/wp-json\/wp\/v2\/posts\/969\/revisions"}],"predecessor-version":[{"id":1392,"href":"https:\/\/congresos.unr.edu.ar\/xicongresoextension\/wp-json\/wp\/v2\/posts\/969\/revisions\/1392"}],"wp:attachment":[{"href":"https:\/\/congresos.unr.edu.ar\/xicongresoextension\/wp-json\/wp\/v2\/media?parent=969"}],"wp:term":[{"taxonomy":"category","embeddable":true,"href":"https:\/\/congresos.unr.edu.ar\/xicongresoextension\/wp-json\/wp\/v2\/categories?post=969"},{"taxonomy":"post_tag","embeddable":true,"href":"https:\/\/congresos.unr.edu.ar\/xicongresoextension\/wp-json\/wp\/v2\/tags?post=969"}],"curies":[{"name":"wp","href":"https:\/\/api.w.org\/{rel}","templated":true}]}}