{"id":974,"date":"2026-03-30T15:49:38","date_gmt":"2026-03-30T18:49:38","guid":{"rendered":"https:\/\/congresos.unr.edu.ar\/xicongresoextension\/?p=974"},"modified":"2026-04-14T12:04:58","modified_gmt":"2026-04-14T15:04:58","slug":"sede-y-cronograma","status":"publish","type":"post","link":"https:\/\/congresos.unr.edu.ar\/xicongresoextension\/blog\/2026\/03\/30\/sede-y-cronograma\/","title":{"rendered":"Sede y cronograma"},"content":{"rendered":"\n<p>El XI Congreso Nacional de Extensi\u00f3n Universitaria se realizar\u00e1 los d\u00edas <strong>10, 11 y 12 de junio de 2026<\/strong> en la ciudad de <strong>Rosario, Santa Fe, Argentina<\/strong>.<\/p>\n\n\n\n<p>En esta secci\u00f3n encontrar\u00e1s pr\u00f3ximamente toda la informaci\u00f3n sobre la sede del Congreso y la programaci\u00f3n completa de los tres d\u00edas del encuentro, incluyendo horarios, espacios y actividades.<\/p>\n","protected":false},"excerpt":{"rendered":"<p>El XI Congreso Nacional de Extensi\u00f3n Universitaria se realizar\u00e1 los d\u00edas 10, 11 y 12 de junio de 2026 en la ciudad de Rosario, Santa Fe, Argentina. En esta secci\u00f3n encontrar\u00e1s pr\u00f3ximamente toda la informaci\u00f3n sobre la sede del Congreso y la programaci\u00f3n completa de los tres d\u00edas del encuentro, [&hellip;]<\/p>\n","protected":false},"author":1,"featured_media":0,"comment_status":"closed","ping_status":"open","sticky":false,"template":"","format":"standard","meta":{"_monsterinsights_skip_tracking":false,"_monsterinsights_sitenote_active":false,"_monsterinsights_sitenote_note":"","_monsterinsights_sitenote_category":0,"_themeisle_gutenberg_block_has_review":false,"footnotes":""},"categories":[43],"tags":[],"class_list":["post-974","post","type-post","status-publish","format-standard","hentry","category-sobre-el-evento"],"yoast_head":"<!-- This site is optimized with the Yoast SEO plugin v27.4 - https:\/\/yoast.com\/product\/yoast-seo-wordpress\/ -->\n<title>Sede y cronograma - XI Congreso Extension<\/title>\n<meta name=\"robots\" content=\"index, follow, max-snippet:-1, max-image-preview:large, max-video-preview:-1\" \/>\n<link rel=\"canonical\" href=\"https:\/\/congresos.unr.edu.ar\/xicongresoextension\/blog\/2026\/03\/30\/sede-y-cronograma\/\" \/>\n<meta property=\"og:locale\" content=\"es_ES\" \/>\n<meta property=\"og:type\" content=\"article\" \/>\n<meta property=\"og:title\" content=\"Sede y cronograma - XI Congreso Extension\" \/>\n<meta property=\"og:description\" content=\"El XI Congreso Nacional de Extensi\u00f3n Universitaria se realizar\u00e1 los d\u00edas 10, 11 y 12 de junio de 2026 en la ciudad de Rosario, Santa Fe, Argentina. En esta secci\u00f3n encontrar\u00e1s pr\u00f3ximamente toda la informaci\u00f3n sobre la sede del Congreso y la programaci\u00f3n completa de los tres d\u00edas del encuentro, [&hellip;]\" \/>\n<meta property=\"og:url\" content=\"https:\/\/congresos.unr.edu.ar\/xicongresoextension\/blog\/2026\/03\/30\/sede-y-cronograma\/\" \/>\n<meta property=\"og:site_name\" content=\"XI Congreso Extension\" \/>\n<meta property=\"article:published_time\" content=\"2026-03-30T18:49:38+00:00\" \/>\n<meta property=\"article:modified_time\" content=\"2026-04-14T15:04:58+00:00\" \/>\n<meta name=\"author\" content=\"Congresos UNR\" \/>\n<meta name=\"twitter:card\" content=\"summary_large_image\" \/>\n<meta name=\"twitter:label1\" content=\"Escrito por\" \/>\n\t<meta name=\"twitter:data1\" content=\"Congresos UNR\" \/>\n\t<meta name=\"twitter:label2\" content=\"Tiempo de lectura\" \/>\n\t<meta name=\"twitter:data2\" content=\"1 minuto\" \/>\n<script type=\"application\/ld+json\" class=\"yoast-schema-graph\">{\"@context\":\"https:\\\/\\\/schema.org\",\"@graph\":[{\"@type\":\"Article\",\"@id\":\"https:\\\/\\\/congresos.unr.edu.ar\\\/xicongresoextension\\\/blog\\\/2026\\\/03\\\/30\\\/sede-y-cronograma\\\/#article\",\"isPartOf\":{\"@id\":\"https:\\\/\\\/congresos.unr.edu.ar\\\/xicongresoextension\\\/blog\\\/2026\\\/03\\\/30\\\/sede-y-cronograma\\\/\"},\"author\":{\"name\":\"Congresos UNR\",\"@id\":\"https:\\\/\\\/congresos.unr.edu.ar\\\/xicongresoextension\\\/#\\\/schema\\\/person\\\/c5a71e24ca3968aeba70533a9ef9a65d\"},\"headline\":\"Sede y cronograma\",\"datePublished\":\"2026-03-30T18:49:38+00:00\",\"dateModified\":\"2026-04-14T15:04:58+00:00\",\"mainEntityOfPage\":{\"@id\":\"https:\\\/\\\/congresos.unr.edu.ar\\\/xicongresoextension\\\/blog\\\/2026\\\/03\\\/30\\\/sede-y-cronograma\\\/\"},\"wordCount\":62,\"publisher\":{\"@id\":\"https:\\\/\\\/congresos.unr.edu.ar\\\/xicongresoextension\\\/#organization\"},\"articleSection\":[\"Sobre el evento\"],\"inLanguage\":\"es-AR\"},{\"@type\":\"WebPage\",\"@id\":\"https:\\\/\\\/congresos.unr.edu.ar\\\/xicongresoextension\\\/blog\\\/2026\\\/03\\\/30\\\/sede-y-cronograma\\\/\",\"url\":\"https:\\\/\\\/congresos.unr.edu.ar\\\/xicongresoextension\\\/blog\\\/2026\\\/03\\\/30\\\/sede-y-cronograma\\\/\",\"name\":\"Sede y cronograma - XI Congreso Extension\",\"isPartOf\":{\"@id\":\"https:\\\/\\\/congresos.unr.edu.ar\\\/xicongresoextension\\\/#website\"},\"datePublished\":\"2026-03-30T18:49:38+00:00\",\"dateModified\":\"2026-04-14T15:04:58+00:00\",\"breadcrumb\":{\"@id\":\"https:\\\/\\\/congresos.unr.edu.ar\\\/xicongresoextension\\\/blog\\\/2026\\\/03\\\/30\\\/sede-y-cronograma\\\/#breadcrumb\"},\"inLanguage\":\"es-AR\",\"potentialAction\":[{\"@type\":\"ReadAction\",\"target\":[\"https:\\\/\\\/congresos.unr.edu.ar\\\/xicongresoextension\\\/blog\\\/2026\\\/03\\\/30\\\/sede-y-cronograma\\\/\"]}]},{\"@type\":\"BreadcrumbList\",\"@id\":\"https:\\\/\\\/congresos.unr.edu.ar\\\/xicongresoextension\\\/blog\\\/2026\\\/03\\\/30\\\/sede-y-cronograma\\\/#breadcrumb\",\"itemListElement\":[{\"@type\":\"ListItem\",\"position\":1,\"name\":\"Inicio\",\"item\":\"https:\\\/\\\/congresos.unr.edu.ar\\\/xicongresoextension\\\/\"},{\"@type\":\"ListItem\",\"position\":2,\"name\":\"Sede y cronograma\"}]},{\"@type\":\"WebSite\",\"@id\":\"https:\\\/\\\/congresos.unr.edu.ar\\\/xicongresoextension\\\/#website\",\"url\":\"https:\\\/\\\/congresos.unr.edu.ar\\\/xicongresoextension\\\/\",\"name\":\"Congresos UNR\",\"description\":\"\",\"publisher\":{\"@id\":\"https:\\\/\\\/congresos.unr.edu.ar\\\/xicongresoextension\\\/#organization\"},\"potentialAction\":[{\"@type\":\"SearchAction\",\"target\":{\"@type\":\"EntryPoint\",\"urlTemplate\":\"https:\\\/\\\/congresos.unr.edu.ar\\\/xicongresoextension\\\/?s={search_term_string}\"},\"query-input\":{\"@type\":\"PropertyValueSpecification\",\"valueRequired\":true,\"valueName\":\"search_term_string\"}}],\"inLanguage\":\"es-AR\"},{\"@type\":\"Organization\",\"@id\":\"https:\\\/\\\/congresos.unr.edu.ar\\\/xicongresoextension\\\/#organization\",\"name\":\"Congresos UNR\",\"url\":\"https:\\\/\\\/congresos.unr.edu.ar\\\/xicongresoextension\\\/\",\"logo\":{\"@type\":\"ImageObject\",\"inLanguage\":\"es-AR\",\"@id\":\"https:\\\/\\\/congresos.unr.edu.ar\\\/xicongresoextension\\\/#\\\/schema\\\/logo\\\/image\\\/\",\"url\":\"https:\\\/\\\/congresos.unr.edu.ar\\\/xicongresoextension\\\/wp-content\\\/uploads\\\/sites\\\/9\\\/2024\\\/04\\\/WhatsApp-Image-2026-04-07-at-14.39.14.jpeg\",\"contentUrl\":\"https:\\\/\\\/congresos.unr.edu.ar\\\/xicongresoextension\\\/wp-content\\\/uploads\\\/sites\\\/9\\\/2024\\\/04\\\/WhatsApp-Image-2026-04-07-at-14.39.14.jpeg\",\"width\":1600,\"height\":262,\"caption\":\"Congresos UNR\"},\"image\":{\"@id\":\"https:\\\/\\\/congresos.unr.edu.ar\\\/xicongresoextension\\\/#\\\/schema\\\/logo\\\/image\\\/\"}},{\"@type\":\"Person\",\"@id\":\"https:\\\/\\\/congresos.unr.edu.ar\\\/xicongresoextension\\\/#\\\/schema\\\/person\\\/c5a71e24ca3968aeba70533a9ef9a65d\",\"name\":\"Congresos UNR\",\"image\":{\"@type\":\"ImageObject\",\"inLanguage\":\"es-AR\",\"@id\":\"https:\\\/\\\/secure.gravatar.com\\\/avatar\\\/10c792931228bc2c305c1bf14f9cb0b6ac57a4841912adf801883861116f0e08?s=96&d=mm&r=g\",\"url\":\"https:\\\/\\\/secure.gravatar.com\\\/avatar\\\/10c792931228bc2c305c1bf14f9cb0b6ac57a4841912adf801883861116f0e08?s=96&d=mm&r=g\",\"contentUrl\":\"https:\\\/\\\/secure.gravatar.com\\\/avatar\\\/10c792931228bc2c305c1bf14f9cb0b6ac57a4841912adf801883861116f0e08?s=96&d=mm&r=g\",\"caption\":\"Congresos UNR\"},\"sameAs\":[\"https:\\\/\\\/congresos.unr.edu.ar\"],\"url\":\"https:\\\/\\\/congresos.unr.edu.ar\\\/xicongresoextension\\\/blog\\\/author\\\/congresos-unr\\\/\"}]}<\/script>\n<!-- \/ Yoast SEO plugin. -->","yoast_head_json":{"title":"Sede y cronograma - XI Congreso Extension","robots":{"index":"index","follow":"follow","max-snippet":"max-snippet:-1","max-image-preview":"max-image-preview:large","max-video-preview":"max-video-preview:-1"},"canonical":"https:\/\/congresos.unr.edu.ar\/xicongresoextension\/blog\/2026\/03\/30\/sede-y-cronograma\/","og_locale":"es_ES","og_type":"article","og_title":"Sede y cronograma - XI Congreso Extension","og_description":"El XI Congreso Nacional de Extensi\u00f3n Universitaria se realizar\u00e1 los d\u00edas 10, 11 y 12 de junio de 2026 en la ciudad de Rosario, Santa Fe, Argentina. En esta secci\u00f3n encontrar\u00e1s pr\u00f3ximamente toda la informaci\u00f3n sobre la sede del Congreso y la programaci\u00f3n completa de los tres d\u00edas del encuentro, [&hellip;]","og_url":"https:\/\/congresos.unr.edu.ar\/xicongresoextension\/blog\/2026\/03\/30\/sede-y-cronograma\/","og_site_name":"XI Congreso Extension","article_published_time":"2026-03-30T18:49:38+00:00","article_modified_time":"2026-04-14T15:04:58+00:00","author":"Congresos UNR","twitter_card":"summary_large_image","twitter_misc":{"Escrito por":"Congresos UNR","Tiempo de lectura":"1 minuto"},"schema":{"@context":"https:\/\/schema.org","@graph":[{"@type":"Article","@id":"https:\/\/congresos.unr.edu.ar\/xicongresoextension\/blog\/2026\/03\/30\/sede-y-cronograma\/#article","isPartOf":{"@id":"https:\/\/congresos.unr.edu.ar\/xicongresoextension\/blog\/2026\/03\/30\/sede-y-cronograma\/"},"author":{"name":"Congresos UNR","@id":"https:\/\/congresos.unr.edu.ar\/xicongresoextension\/#\/schema\/person\/c5a71e24ca3968aeba70533a9ef9a65d"},"headline":"Sede y cronograma","datePublished":"2026-03-30T18:49:38+00:00","dateModified":"2026-04-14T15:04:58+00:00","mainEntityOfPage":{"@id":"https:\/\/congresos.unr.edu.ar\/xicongresoextension\/blog\/2026\/03\/30\/sede-y-cronograma\/"},"wordCount":62,"publisher":{"@id":"https:\/\/congresos.unr.edu.ar\/xicongresoextension\/#organization"},"articleSection":["Sobre el evento"],"inLanguage":"es-AR"},{"@type":"WebPage","@id":"https:\/\/congresos.unr.edu.ar\/xicongresoextension\/blog\/2026\/03\/30\/sede-y-cronograma\/","url":"https:\/\/congresos.unr.edu.ar\/xicongresoextension\/blog\/2026\/03\/30\/sede-y-cronograma\/","name":"Sede y cronograma - XI Congreso Extension","isPartOf":{"@id":"https:\/\/congresos.unr.edu.ar\/xicongresoextension\/#website"},"datePublished":"2026-03-30T18:49:38+00:00","dateModified":"2026-04-14T15:04:58+00:00","breadcrumb":{"@id":"https:\/\/congresos.unr.edu.ar\/xicongresoextension\/blog\/2026\/03\/30\/sede-y-cronograma\/#breadcrumb"},"inLanguage":"es-AR","potentialAction":[{"@type":"ReadAction","target":["https:\/\/congresos.unr.edu.ar\/xicongresoextension\/blog\/2026\/03\/30\/sede-y-cronograma\/"]}]},{"@type":"BreadcrumbList","@id":"https:\/\/congresos.unr.edu.ar\/xicongresoextension\/blog\/2026\/03\/30\/sede-y-cronograma\/#breadcrumb","itemListElement":[{"@type":"ListItem","position":1,"name":"Inicio","item":"https:\/\/congresos.unr.edu.ar\/xicongresoextension\/"},{"@type":"ListItem","position":2,"name":"Sede y cronograma"}]},{"@type":"WebSite","@id":"https:\/\/congresos.unr.edu.ar\/xicongresoextension\/#website","url":"https:\/\/congresos.unr.edu.ar\/xicongresoextension\/","name":"Congresos UNR","description":"","publisher":{"@id":"https:\/\/congresos.unr.edu.ar\/xicongresoextension\/#organization"},"potentialAction":[{"@type":"SearchAction","target":{"@type":"EntryPoint","urlTemplate":"https:\/\/congresos.unr.edu.ar\/xicongresoextension\/?s={search_term_string}"},"query-input":{"@type":"PropertyValueSpecification","valueRequired":true,"valueName":"search_term_string"}}],"inLanguage":"es-AR"},{"@type":"Organization","@id":"https:\/\/congresos.unr.edu.ar\/xicongresoextension\/#organization","name":"Congresos UNR","url":"https:\/\/congresos.unr.edu.ar\/xicongresoextension\/","logo":{"@type":"ImageObject","inLanguage":"es-AR","@id":"https:\/\/congresos.unr.edu.ar\/xicongresoextension\/#\/schema\/logo\/image\/","url":"https:\/\/congresos.unr.edu.ar\/xicongresoextension\/wp-content\/uploads\/sites\/9\/2024\/04\/WhatsApp-Image-2026-04-07-at-14.39.14.jpeg","contentUrl":"https:\/\/congresos.unr.edu.ar\/xicongresoextension\/wp-content\/uploads\/sites\/9\/2024\/04\/WhatsApp-Image-2026-04-07-at-14.39.14.jpeg","width":1600,"height":262,"caption":"Congresos UNR"},"image":{"@id":"https:\/\/congresos.unr.edu.ar\/xicongresoextension\/#\/schema\/logo\/image\/"}},{"@type":"Person","@id":"https:\/\/congresos.unr.edu.ar\/xicongresoextension\/#\/schema\/person\/c5a71e24ca3968aeba70533a9ef9a65d","name":"Congresos UNR","image":{"@type":"ImageObject","inLanguage":"es-AR","@id":"https:\/\/secure.gravatar.com\/avatar\/10c792931228bc2c305c1bf14f9cb0b6ac57a4841912adf801883861116f0e08?s=96&d=mm&r=g","url":"https:\/\/secure.gravatar.com\/avatar\/10c792931228bc2c305c1bf14f9cb0b6ac57a4841912adf801883861116f0e08?s=96&d=mm&r=g","contentUrl":"https:\/\/secure.gravatar.com\/avatar\/10c792931228bc2c305c1bf14f9cb0b6ac57a4841912adf801883861116f0e08?s=96&d=mm&r=g","caption":"Congresos UNR"},"sameAs":["https:\/\/congresos.unr.edu.ar"],"url":"https:\/\/congresos.unr.edu.ar\/xicongresoextension\/blog\/author\/congresos-unr\/"}]}},"_links":{"self":[{"href":"https:\/\/congresos.unr.edu.ar\/xicongresoextension\/wp-json\/wp\/v2\/posts\/974","targetHints":{"allow":["GET"]}}],"collection":[{"href":"https:\/\/congresos.unr.edu.ar\/xicongresoextension\/wp-json\/wp\/v2\/posts"}],"about":[{"href":"https:\/\/congresos.unr.edu.ar\/xicongresoextension\/wp-json\/wp\/v2\/types\/post"}],"author":[{"embeddable":true,"href":"https:\/\/congresos.unr.edu.ar\/xicongresoextension\/wp-json\/wp\/v2\/users\/1"}],"replies":[{"embeddable":true,"href":"https:\/\/congresos.unr.edu.ar\/xicongresoextension\/wp-json\/wp\/v2\/comments?post=974"}],"version-history":[{"count":2,"href":"https:\/\/congresos.unr.edu.ar\/xicongresoextension\/wp-json\/wp\/v2\/posts\/974\/revisions"}],"predecessor-version":[{"id":1085,"href":"https:\/\/congresos.unr.edu.ar\/xicongresoextension\/wp-json\/wp\/v2\/posts\/974\/revisions\/1085"}],"wp:attachment":[{"href":"https:\/\/congresos.unr.edu.ar\/xicongresoextension\/wp-json\/wp\/v2\/media?parent=974"}],"wp:term":[{"taxonomy":"category","embeddable":true,"href":"https:\/\/congresos.unr.edu.ar\/xicongresoextension\/wp-json\/wp\/v2\/categories?post=974"},{"taxonomy":"post_tag","embeddable":true,"href":"https:\/\/congresos.unr.edu.ar\/xicongresoextension\/wp-json\/wp\/v2\/tags?post=974"}],"curies":[{"name":"wp","href":"https:\/\/api.w.org\/{rel}","templated":true}]}}